{"id":640,"date":"2017-11-08T18:33:12","date_gmt":"2017-11-08T18:33:12","guid":{"rendered":"http:\/\/www.utviksvagen.se\/?p=640"},"modified":"2017-11-08T18:34:46","modified_gmt":"2017-11-08T18:34:46","slug":"forandringar-av-bussturer","status":"publish","type":"post","link":"https:\/\/www.utviksvagen.se\/?p=640","title":{"rendered":"F\u00f6r\u00e4ndringar av bussturer"},"content":{"rendered":"<p><strong>Vid halv\u00e5rsm\u00f6tetet framkom att X-trafik har f\u00f6r avsikt att f\u00f6r\u00e4ndra kollektivtrafiken efter Utviksv\u00e4gen. M\u00f6tet beslutade att en skrivelse skulle l\u00e4mnas in f\u00f6r p\u00e5tala behovet av denna samh\u00e4llsservice.<\/strong><\/p>\n<p><strong>Brevet som skickades hade f\u00f6ljande lydelse:<\/strong><\/p>\n<p><em>Synpunkter p\u00e5 kollektivtrafiken efter Utviksv\u00e4gen, S\u00f6derhamn<\/em><\/p>\n<p><em>Vid Utviksv\u00e4gens Intressef\u00f6renings halv\u00e5rsm\u00f6te framkom information om indragningar av turt\u00e4theten av bussar efter Utviksv\u00e4gen. Buss 62 som trafikerar Utviksv\u00e4gen har en viktig funktion f\u00f6r bygden och f\u00f6r boende- och fritidsboende i omr\u00e5det. Vi f\u00f6rst\u00e5r att viss revision av busst\u00e4theten sker utifr\u00e5n antalet passagerare som nyttjar bussen. Det \u00e4r dock m\u00f6tets mening att det \u00e4r viktigt att s\u00e4kerst\u00e4lla kollektivtrafiken efter v\u00e4gen f\u00f6r icke bilburna medborgare. I vilken form denna uppr\u00e4tth\u00e5lls har vi inga synpunkter p\u00e5, men den f\u00f6reslagna neddragningen \u00e4r oacceptabel i den omfattning vi k\u00e4nner till.<\/em><\/p>\n<p>Gunnar Olsson, ordf\u00f6rande,<em>\u00a0Utviksv\u00e4gens Intressef\u00f6rening<\/em><\/p>\n<p><strong>X-trafik l\u00e4mnar f\u00f6ljande svar:<\/strong><\/p>\n<p><em>Hej Gunnar<\/em><\/p>\n<p><em>Jag tackar f\u00f6r era synpunkter ang\u00e5ende f\u00f6r\u00e4ndringen av kollektivtrafiken p\u00e5 busslinje 62!\u00a0<\/em><em>Jag f\u00f6rst\u00e5r er oro g\u00e4llande detta, men f\u00f6r tillf\u00e4llet finns ingen anledning till detta.<\/em><\/p>\n<p><em>Som ni n\u00e4mner i ert yttrande s\u00e5 \u00e4r resandet p\u00e5 de flesta turerna p\u00e5 linje 62 mycket l\u00e5gt, och av den anledningen g\u00f6r vi den h\u00e4r f\u00f6r\u00e4ndringen. Det \u00e4r dock ingen dramatisk f\u00f6r\u00e4ndring. Samtliga turer kommer att g\u00e5, med den skillnaden att ett antal turer kommer att vara anropsstyrda, d.v.s att man ringer till v\u00e5r best\u00e4llningscentral senast tv\u00e5 timmar innan turen avg\u00e5r fr\u00e5n h\u00e5llplatsen, och d\u00e5 blir man h\u00e4mtad vid h\u00e5llplatsen av en taxi i st\u00e4llet f\u00f6r en buss. Telefonnummer 0771-493979.<\/em><\/p>\n<p><em>P\u00e5 det h\u00e4r s\u00e4ttet kommer vi att k\u00f6ra endast n\u00e4r det finns kunder med ett behov av att resa, vilket \u00e4r b\u00e4ttre f\u00f6r milj\u00f6n. Vi g\u00f6r den h\u00e4r f\u00f6r\u00e4ndringen p\u00e5 prov under ett \u00e5r och kommer att utv\u00e4rdera hur utfallet har blivit.<\/em><\/p>\n<p><em>Med v\u00e4nlig h\u00e4lsning<\/em><\/p>\n<p><em>Rickard Sj\u00f6qvist, trafikutvecklare<\/em><\/p>\n<p>&nbsp;<\/p>\n","protected":false},"excerpt":{"rendered":"<p>Vid halv\u00e5rsm\u00f6tetet framkom att X-trafik har f\u00f6r avsikt att f\u00f6r\u00e4ndra kollektivtrafiken efter Utviksv\u00e4gen. M\u00f6tet beslutade att en skrivelse skulle l\u00e4mnas in f\u00f6r p\u00e5tala behovet av denna samh\u00e4llsservice. Brevet som skickades hade f\u00f6ljande lydelse: Synpunkter p\u00e5 kollektivtrafiken efter Utviksv\u00e4gen, S\u00f6derhamn Vid Utviksv\u00e4gens Intressef\u00f6renings halv\u00e5rsm\u00f6te framkom information om indragningar av turt\u00e4theten av bussar efter Utviksv\u00e4gen. Buss 62 &hellip; <a href=\"https:\/\/www.utviksvagen.se\/?p=640\" class=\"more-link\">Forts\u00e4tt l\u00e4sa <span class=\"screen-reader-text\">F\u00f6r\u00e4ndringar av bussturer<\/span> <span class=\"meta-nav\">&rarr;<\/span><\/a><\/p>\n","protected":false},"author":1,"featured_media":0,"comment_status":"closed","ping_status":"closed","sticky":false,"template":"","format":"standard","meta":[],"categories":[1],"tags":[],"_links":{"self":[{"href":"https:\/\/www.utviksvagen.se\/index.php?rest_route=\/wp\/v2\/posts\/640"}],"collection":[{"href":"https:\/\/www.utviksvagen.se\/index.php?rest_route=\/wp\/v2\/posts"}],"about":[{"href":"https:\/\/www.utviksvagen.se\/index.php?rest_route=\/wp\/v2\/types\/post"}],"author":[{"embeddable":true,"href":"https:\/\/www.utviksvagen.se\/index.php?rest_route=\/wp\/v2\/users\/1"}],"replies":[{"embeddable":true,"href":"https:\/\/www.utviksvagen.se\/index.php?rest_route=%2Fwp%2Fv2%2Fcomments&post=640"}],"version-history":[{"count":3,"href":"https:\/\/www.utviksvagen.se\/index.php?rest_route=\/wp\/v2\/posts\/640\/revisions"}],"predecessor-version":[{"id":643,"href":"https:\/\/www.utviksvagen.se\/index.php?rest_route=\/wp\/v2\/posts\/640\/revisions\/643"}],"wp:attachment":[{"href":"https:\/\/www.utviksvagen.se\/index.php?rest_route=%2Fwp%2Fv2%2Fmedia&parent=640"}],"wp:term":[{"taxonomy":"category","embeddable":true,"href":"https:\/\/www.utviksvagen.se\/index.php?rest_route=%2Fwp%2Fv2%2Fcategories&post=640"},{"taxonomy":"post_tag","embeddable":true,"href":"https:\/\/www.utviksvagen.se\/index.php?rest_route=%2Fwp%2Fv2%2Ftags&post=640"}],"curies":[{"name":"wp","href":"https:\/\/api.w.org\/{rel}","templated":true}]}}