{"id":874,"date":"2020-04-25T08:52:48","date_gmt":"2020-04-25T08:52:48","guid":{"rendered":"http:\/\/www.utviksvagen.se\/?p=874"},"modified":"2020-04-25T08:52:48","modified_gmt":"2020-04-25T08:52:48","slug":"inget-valborgsmassofirande-i-ar","status":"publish","type":"post","link":"http:\/\/www.utviksvagen.se\/?p=874","title":{"rendered":"Inget Valborgsm\u00e4ssofirande i \u00e5r"},"content":{"rendered":"<p>Det blir tyv\u00e4rr inget Valborgsfirande p\u00e5 Varvet i \u00e5r.<\/p>\n","protected":false},"excerpt":{"rendered":"<p>Det blir tyv\u00e4rr inget Valborgsfirande p\u00e5 Varvet i \u00e5r.<\/p>\n","protected":false},"author":1,"featured_media":0,"comment_status":"closed","ping_status":"closed","sticky":false,"template":"","format":"standard","meta":[],"categories":[1],"tags":[],"_links":{"self":[{"href":"http:\/\/www.utviksvagen.se\/index.php?rest_route=\/wp\/v2\/posts\/874"}],"collection":[{"href":"http:\/\/www.utviksvagen.se\/index.php?rest_route=\/wp\/v2\/posts"}],"about":[{"href":"http:\/\/www.utviksvagen.se\/index.php?rest_route=\/wp\/v2\/types\/post"}],"author":[{"embeddable":true,"href":"http:\/\/www.utviksvagen.se\/index.php?rest_route=\/wp\/v2\/users\/1"}],"replies":[{"embeddable":true,"href":"http:\/\/www.utviksvagen.se\/index.php?rest_route=%2Fwp%2Fv2%2Fcomments&post=874"}],"version-history":[{"count":1,"href":"http:\/\/www.utviksvagen.se\/index.php?rest_route=\/wp\/v2\/posts\/874\/revisions"}],"predecessor-version":[{"id":875,"href":"http:\/\/www.utviksvagen.se\/index.php?rest_route=\/wp\/v2\/posts\/874\/revisions\/875"}],"wp:attachment":[{"href":"http:\/\/www.utviksvagen.se\/index.php?rest_route=%2Fwp%2Fv2%2Fmedia&parent=874"}],"wp:term":[{"taxonomy":"category","embeddable":true,"href":"http:\/\/www.utviksvagen.se\/index.php?rest_route=%2Fwp%2Fv2%2Fcategories&post=874"},{"taxonomy":"post_tag","embeddable":true,"href":"http:\/\/www.utviksvagen.se\/index.php?rest_route=%2Fwp%2Fv2%2Ftags&post=874"}],"curies":[{"name":"wp","href":"https:\/\/api.w.org\/{rel}","templated":true}]}}