{"id":86,"date":"2015-03-20T14:17:10","date_gmt":"2015-03-20T14:17:10","guid":{"rendered":"http:\/\/www.utviksvagen.se\/?p=86"},"modified":"2015-04-17T11:35:29","modified_gmt":"2015-04-17T11:35:29","slug":"86","status":"publish","type":"post","link":"http:\/\/www.utviksvagen.se\/?p=86","title":{"rendered":"Ny bok"},"content":{"rendered":"<p><a href=\"http:\/\/www.utviksvagen.se\/wp-content\/uploads\/2015\/03\/Mariehillframsida.png\"><img loading=\"lazy\" class=\"alignnone  wp-image-87\" src=\"http:\/\/www.utviksvagen.se\/wp-content\/uploads\/2015\/03\/Mariehillframsida-213x300.png\" alt=\"Mariehillframsida\" width=\"364\" height=\"512\" \/><\/a><\/p>\n<p>Sigvard Bj\u00f6rcks bok om Mariehill 1535-1933 \u00e4r under tryckning. Projektet startade som en studiecirkel 1993 och dokumentationen har efter bearbetning och layouts\u00e4ttning av Sigvard Bj\u00f6rck och Sture Claesson resulterat i en bok. F\u00f6rs\u00e4ljningen av boken startar 27 mars. F\u00f6reningen vill rikta ett tack till alla inblandade och till f\u00f6retag\/organisationer som varit med att finansiera projektet.<\/p>\n<p>Boken finns att k\u00f6pa fr.o.m 27 mars p\u00e5 Furans bokhandeln, K\u00f6pmangatan 13, S\u00f6derhamn och vid f\u00f6reningens m\u00f6ten.<\/p>\n<p>M\u00f6jligheten finns \u00e4ven att best\u00e4lla boken p\u00e5 mailadress:<\/p>\n<p><a title=\"Utviksv\u00e4gen Gunnar Olsson\" href=\"mailto:gunnar.olsson616@gmail.com\">gunnar.olsson616@gmail.com<\/a>\u00a0 eller tel. 070-6204178<\/p>\n<p>Pris: 150 kr + (60 kr i porto vid skickning). Det g\u00e5r bra att s\u00e4tta in pengarna p\u00e5 Bg: 5190-8408. Gl\u00f6m inte att ange\u00a0boktitel och adress.<\/p>\n<p>Pris via bokhandeln 249kr.<\/p>\n<p>&nbsp;<\/p>\n<p>&nbsp;<\/p>\n<p>&nbsp;<\/p>\n","protected":false},"excerpt":{"rendered":"<p>Sigvard Bj\u00f6rcks bok om Mariehill 1535-1933 \u00e4r under tryckning. Projektet startade som en studiecirkel 1993 och dokumentationen har efter bearbetning och layouts\u00e4ttning av Sigvard Bj\u00f6rck och Sture Claesson resulterat i en bok. F\u00f6rs\u00e4ljningen av boken startar 27 mars. F\u00f6reningen vill rikta ett tack till alla inblandade och till f\u00f6retag\/organisationer som varit med att finansiera projektet. &hellip; <a href=\"http:\/\/www.utviksvagen.se\/?p=86\" class=\"more-link\">Forts\u00e4tt l\u00e4sa <span class=\"screen-reader-text\">Ny bok<\/span> <span class=\"meta-nav\">&rarr;<\/span><\/a><\/p>\n","protected":false},"author":1,"featured_media":0,"comment_status":"closed","ping_status":"open","sticky":false,"template":"","format":"standard","meta":[],"categories":[1],"tags":[],"_links":{"self":[{"href":"http:\/\/www.utviksvagen.se\/index.php?rest_route=\/wp\/v2\/posts\/86"}],"collection":[{"href":"http:\/\/www.utviksvagen.se\/index.php?rest_route=\/wp\/v2\/posts"}],"about":[{"href":"http:\/\/www.utviksvagen.se\/index.php?rest_route=\/wp\/v2\/types\/post"}],"author":[{"embeddable":true,"href":"http:\/\/www.utviksvagen.se\/index.php?rest_route=\/wp\/v2\/users\/1"}],"replies":[{"embeddable":true,"href":"http:\/\/www.utviksvagen.se\/index.php?rest_route=%2Fwp%2Fv2%2Fcomments&post=86"}],"version-history":[{"count":10,"href":"http:\/\/www.utviksvagen.se\/index.php?rest_route=\/wp\/v2\/posts\/86\/revisions"}],"predecessor-version":[{"id":207,"href":"http:\/\/www.utviksvagen.se\/index.php?rest_route=\/wp\/v2\/posts\/86\/revisions\/207"}],"wp:attachment":[{"href":"http:\/\/www.utviksvagen.se\/index.php?rest_route=%2Fwp%2Fv2%2Fmedia&parent=86"}],"wp:term":[{"taxonomy":"category","embeddable":true,"href":"http:\/\/www.utviksvagen.se\/index.php?rest_route=%2Fwp%2Fv2%2Fcategories&post=86"},{"taxonomy":"post_tag","embeddable":true,"href":"http:\/\/www.utviksvagen.se\/index.php?rest_route=%2Fwp%2Fv2%2Ftags&post=86"}],"curies":[{"name":"wp","href":"https:\/\/api.w.org\/{rel}","templated":true}]}}