{"id":584,"date":"2017-04-06T09:55:51","date_gmt":"2017-04-06T09:55:51","guid":{"rendered":"http:\/\/www.utviksvagen.se\/?p=584"},"modified":"2017-04-06T10:00:19","modified_gmt":"2017-04-06T10:00:19","slug":"vardbergsleden","status":"publish","type":"post","link":"http:\/\/www.utviksvagen.se\/?p=584","title":{"rendered":"V\u00e5rdbergsleden"},"content":{"rendered":"<p><img loading=\"lazy\" class=\"alignnone wp-image-585\" src=\"http:\/\/www.utviksvagen.se\/wp-content\/uploads\/2017\/04\/V\u00e5rdbergsleden-diskussion-300x225.jpg\" alt=\"\" width=\"467\" height=\"351\" srcset=\"http:\/\/www.utviksvagen.se\/wp-content\/uploads\/2017\/04\/V\u00e5rdbergsleden-diskussion-300x225.jpg 300w, http:\/\/www.utviksvagen.se\/wp-content\/uploads\/2017\/04\/V\u00e5rdbergsleden-diskussion.jpg 487w\" sizes=\"(max-width: 467px) 100vw, 467px\" \/><\/p>\n<p><em>Ulf Olsson, Ulf Andersson och G\u00f6ran Edgren diskuterar m\u00f6jliga f\u00f6rb\u00e4ttringar av V\u00e5rdbergsleden.<\/em><\/p>\n<p>Aktuellt med upprustning av V\u00e5rdbergsleden. Genom ett integrationsprojekt inom kommunen (Resurscentrum) m\u00f6jligg\u00f6rs f\u00f6rb\u00e4ttringar av leden. Ny m\u00e4rkning, r\u00f6jning och st\u00e4nger d\u00e4r det \u00e4r v\u00e5tmark.<\/p>\n<p>Vissa justeringar av dragningen \u00e4r ocks\u00e5 aktuell. Bl.a. kommer leden att dras f\u00f6rbi R\u00f6stentj\u00e4rn. Leden kommer ocks\u00e5 att knytas samman med ny dragning till V\u00e5gbro och f\u00f6rl\u00e4ngning f\u00f6rbi V\u00e5rdberget ut mot Skat\u00f6n.<\/p>\n<p>Arbetet p\u00e5b\u00f6rjas under april\/ma.j<\/p>\n<p>Finns synpunkter p\u00e5 leden kontakta Gunnar Olsson, gunnar.olsson616@gmail.com eller tel: 070-6204178<\/p>\n<p>&nbsp;<\/p>\n","protected":false},"excerpt":{"rendered":"<p>Ulf Olsson, Ulf Andersson och G\u00f6ran Edgren diskuterar m\u00f6jliga f\u00f6rb\u00e4ttringar av V\u00e5rdbergsleden. Aktuellt med upprustning av V\u00e5rdbergsleden. Genom ett integrationsprojekt inom kommunen (Resurscentrum) m\u00f6jligg\u00f6rs f\u00f6rb\u00e4ttringar av leden. Ny m\u00e4rkning, r\u00f6jning och st\u00e4nger d\u00e4r det \u00e4r v\u00e5tmark. Vissa justeringar av dragningen \u00e4r ocks\u00e5 aktuell. Bl.a. kommer leden att dras f\u00f6rbi R\u00f6stentj\u00e4rn. Leden kommer ocks\u00e5 att knytas &hellip; <a href=\"http:\/\/www.utviksvagen.se\/?p=584\" class=\"more-link\">Forts\u00e4tt l\u00e4sa <span class=\"screen-reader-text\">V\u00e5rdbergsleden<\/span> <span class=\"meta-nav\">&rarr;<\/span><\/a><\/p>\n","protected":false},"author":1,"featured_media":0,"comment_status":"closed","ping_status":"closed","sticky":false,"template":"","format":"standard","meta":[],"categories":[1],"tags":[],"_links":{"self":[{"href":"http:\/\/www.utviksvagen.se\/index.php?rest_route=\/wp\/v2\/posts\/584"}],"collection":[{"href":"http:\/\/www.utviksvagen.se\/index.php?rest_route=\/wp\/v2\/posts"}],"about":[{"href":"http:\/\/www.utviksvagen.se\/index.php?rest_route=\/wp\/v2\/types\/post"}],"author":[{"embeddable":true,"href":"http:\/\/www.utviksvagen.se\/index.php?rest_route=\/wp\/v2\/users\/1"}],"replies":[{"embeddable":true,"href":"http:\/\/www.utviksvagen.se\/index.php?rest_route=%2Fwp%2Fv2%2Fcomments&post=584"}],"version-history":[{"count":3,"href":"http:\/\/www.utviksvagen.se\/index.php?rest_route=\/wp\/v2\/posts\/584\/revisions"}],"predecessor-version":[{"id":588,"href":"http:\/\/www.utviksvagen.se\/index.php?rest_route=\/wp\/v2\/posts\/584\/revisions\/588"}],"wp:attachment":[{"href":"http:\/\/www.utviksvagen.se\/index.php?rest_route=%2Fwp%2Fv2%2Fmedia&parent=584"}],"wp:term":[{"taxonomy":"category","embeddable":true,"href":"http:\/\/www.utviksvagen.se\/index.php?rest_route=%2Fwp%2Fv2%2Fcategories&post=584"},{"taxonomy":"post_tag","embeddable":true,"href":"http:\/\/www.utviksvagen.se\/index.php?rest_route=%2Fwp%2Fv2%2Ftags&post=584"}],"curies":[{"name":"wp","href":"https:\/\/api.w.org\/{rel}","templated":true}]}}