{"id":278,"date":"2015-08-26T11:38:41","date_gmt":"2015-08-26T11:38:41","guid":{"rendered":"http:\/\/www.utviksvagen.se\/?p=278"},"modified":"2015-08-26T16:06:35","modified_gmt":"2015-08-26T16:06:35","slug":"fiberbredband-efter-utviksvagen","status":"publish","type":"post","link":"http:\/\/www.utviksvagen.se\/?p=278","title":{"rendered":"Fiber\/bredband efter Utviksv\u00e4gen"},"content":{"rendered":"<p><a href=\"http:\/\/www.utviksvagen.se\/wp-content\/uploads\/2015\/08\/Fiber-1.jpg\"><img loading=\"lazy\" class=\"alignnone  wp-image-279\" src=\"http:\/\/www.utviksvagen.se\/wp-content\/uploads\/2015\/08\/Fiber-1-300x154.jpg\" alt=\"Fiber 1\" width=\"522\" height=\"268\" srcset=\"http:\/\/www.utviksvagen.se\/wp-content\/uploads\/2015\/08\/Fiber-1-300x154.jpg 300w, http:\/\/www.utviksvagen.se\/wp-content\/uploads\/2015\/08\/Fiber-1-1024x526.jpg 1024w, http:\/\/www.utviksvagen.se\/wp-content\/uploads\/2015\/08\/Fiber-1.jpg 2048w\" sizes=\"(max-width: 522px) 100vw, 522px\" \/><\/a><\/p>\n<p>Idag finns fiber fr\u00e5n Segelvik till S\u00e4ter. N\u00e4ras ambition \u00e4r att det ska finnas\u00a0tillg\u00e5ng till fiber\/bredband efter hela Utviksv\u00e4gen.<\/p>\n<p>S\u00f6derhamn N\u00c4RA f\u00f6rbereder en ans\u00f6kan om bredbandsst\u00f6d f\u00f6r fiber fr\u00e5n S\u00e4ter till i f\u00f6rsta hand Fridsbacka. Ans\u00f6kan kan komma att utvidgas hela v\u00e4gen fram till Sk\u00e4rs\u00e5v\u00e4gen.<\/p>\n<p>F\u00f6r att \u00a0bredbandsprojektet ska genomf\u00f6ras kr\u00e4vs ett stort engagemang bland v\u00e5ra medlemmar och boende l\u00e4ngs v\u00e4gen. Bidragen fr\u00e5n EU och staten bygger p\u00e5 att\u00a0minst 85% av de fastboende anm\u00e4ler sig till fiberanslutning f\u00f6r att projektet ska f\u00e5 st\u00f6d och p\u00e5b\u00f6rjas.<\/p>\n<p>Det \u00e4r enbart fast boende som r\u00e4knas i de 85 procenten, men om\u00a0m\u00e5nga fritidshus ansluter sig s\u00e5 f\u00f6rb\u00e4ttras totalekonomin i projektet.<\/p>\n<p>I nul\u00e4get \u00e4r anslutningsavgiften 7\u00a0500 kr, inkl. moms f\u00f6r att f\u00e5 en fiber fram till tomtgr\u00e4ns, gr\u00e4vning inne p\u00e5 tomt ing\u00e5r inte i anslutningsavgiften.<\/p>\n<p>Vad ska vi ha fibern till?<\/p>\n<p><strong>Telefon<\/strong><\/p>\n<p>&#8211; Det gamla telen\u00e4tet underh\u00e5lls inte l\u00e4ngre<\/p>\n<p>&#8211; Fibern l\u00e4ggs under mark och \u00e4r d\u00e4rf\u00f6r drifts\u00e4ker<\/p>\n<p>&#8211; Vid \u00e5sknedslag leder inte fibern str\u00f6m, ingen risk f\u00f6r skador<\/p>\n<p>&#8211; V\u00e4sentligt billigare telefontj\u00e4nster (IP-telefoni)<\/p>\n<p><strong>Internet<\/strong><\/p>\n<p>&#8211; H\u00f6gre hastighet b\u00e5de till och fr\u00e5n fastigheten<\/p>\n<p>&#8211; Hastigheten \u00e4r ej beroende av avst\u00e5ndet till telestation och \u00e4r oberoende av hur m\u00e5nga anv\u00e4ndare som anv\u00e4nder n\u00e4tet.<\/p>\n<p><strong>TV<\/strong><\/p>\n<p>&#8211; P\u00e5 sikt kommer de traditionella (antenn och parabol) TV-s\u00e4ndarna att sl\u00e4ckas ner.<\/p>\n<p>&#8211; St\u00f6rningsfri mottagning i alla v\u00e4der<\/p>\n<p>&#8211; Klarar alla HDTV format<\/p>\n<p>&#8211;\u00a0Tillg\u00e5ng till st\u00f6rningsfria PLAY-tj\u00e4nster (Netflix, HBO m.fl.)<\/p>\n<p>&#8211; Flera nya TV-tj\u00e4nster kommer enbart att kunna ses via bredband<\/p>\n<p>Med en fiberanslutning f\u00e5r vi allts\u00e5 f\u00f6rutom ett snabbt internet m\u00f6jlighet till kabel-TV, IP-TV och IP-telefoni, som relativt snabbt betalar tillbaka kostnaden f\u00f6r anslutningsavgiften. Ut\u00f6ver detta tillkommer den v\u00e4rdeh\u00f6jande effekten av fastigheten vid en eventuell f\u00f6rs\u00e4ljning<br \/>\nIP-telefoni f\u00f6r en normal anv\u00e4ndare \u00e4r mellan 150-250 billigare per m\u00e5nad \u00e4r vanlig fast telefoni och du kan anv\u00e4nda din vanliga telefon med ditt gamla telefonnummer.<\/p>\n<p><strong>Styrelsen planerar bredbandsinformation i F\u00f6reningslokalen enligt f\u00f6ljande: <\/strong><\/p>\n<p>21\u00a0september kl. 19.00, byarnas kontaktombud<\/p>\n<p>19 oktober kl. 19.00, Halv\u00e5rsm\u00f6te, \u00a0information till medlemmar och intresserade.<\/p>\n<p>Styrelsen<\/p>\n","protected":false},"excerpt":{"rendered":"<p>Idag finns fiber fr\u00e5n Segelvik till S\u00e4ter. N\u00e4ras ambition \u00e4r att det ska finnas\u00a0tillg\u00e5ng till fiber\/bredband efter hela Utviksv\u00e4gen. S\u00f6derhamn N\u00c4RA f\u00f6rbereder en ans\u00f6kan om bredbandsst\u00f6d f\u00f6r fiber fr\u00e5n S\u00e4ter till i f\u00f6rsta hand Fridsbacka. Ans\u00f6kan kan komma att utvidgas hela v\u00e4gen fram till Sk\u00e4rs\u00e5v\u00e4gen. F\u00f6r att \u00a0bredbandsprojektet ska genomf\u00f6ras kr\u00e4vs ett stort engagemang bland &hellip; <a href=\"http:\/\/www.utviksvagen.se\/?p=278\" class=\"more-link\">Forts\u00e4tt l\u00e4sa <span class=\"screen-reader-text\">Fiber\/bredband efter Utviksv\u00e4gen<\/span> <span class=\"meta-nav\">&rarr;<\/span><\/a><\/p>\n","protected":false},"author":1,"featured_media":0,"comment_status":"closed","ping_status":"open","sticky":false,"template":"","format":"standard","meta":[],"categories":[1],"tags":[],"_links":{"self":[{"href":"http:\/\/www.utviksvagen.se\/index.php?rest_route=\/wp\/v2\/posts\/278"}],"collection":[{"href":"http:\/\/www.utviksvagen.se\/index.php?rest_route=\/wp\/v2\/posts"}],"about":[{"href":"http:\/\/www.utviksvagen.se\/index.php?rest_route=\/wp\/v2\/types\/post"}],"author":[{"embeddable":true,"href":"http:\/\/www.utviksvagen.se\/index.php?rest_route=\/wp\/v2\/users\/1"}],"replies":[{"embeddable":true,"href":"http:\/\/www.utviksvagen.se\/index.php?rest_route=%2Fwp%2Fv2%2Fcomments&post=278"}],"version-history":[{"count":3,"href":"http:\/\/www.utviksvagen.se\/index.php?rest_route=\/wp\/v2\/posts\/278\/revisions"}],"predecessor-version":[{"id":286,"href":"http:\/\/www.utviksvagen.se\/index.php?rest_route=\/wp\/v2\/posts\/278\/revisions\/286"}],"wp:attachment":[{"href":"http:\/\/www.utviksvagen.se\/index.php?rest_route=%2Fwp%2Fv2%2Fmedia&parent=278"}],"wp:term":[{"taxonomy":"category","embeddable":true,"href":"http:\/\/www.utviksvagen.se\/index.php?rest_route=%2Fwp%2Fv2%2Fcategories&post=278"},{"taxonomy":"post_tag","embeddable":true,"href":"http:\/\/www.utviksvagen.se\/index.php?rest_route=%2Fwp%2Fv2%2Ftags&post=278"}],"curies":[{"name":"wp","href":"https:\/\/api.w.org\/{rel}","templated":true}]}}