{"id":1052,"date":"2022-03-07T10:42:53","date_gmt":"2022-03-07T10:42:53","guid":{"rendered":"http:\/\/www.utviksvagen.se\/?p=1052"},"modified":"2022-03-07T12:28:14","modified_gmt":"2022-03-07T12:28:14","slug":"lar-dig-mer-om-tradbeskarning-och-odling","status":"publish","type":"post","link":"http:\/\/www.utviksvagen.se\/?p=1052","title":{"rendered":"L\u00e4r dig mer om tr\u00e4dbesk\u00e4rning och odling."},"content":{"rendered":"\n<figure class=\"wp-block-image size-large is-resized\"><a href=\"http:\/\/www.utviksvagen.se\/wp-content\/uploads\/2022\/03\/C467C2F6-1800-4E5F-90B8-7072270584E9-scaled.jpeg\"><img loading=\"lazy\" src=\"http:\/\/www.utviksvagen.se\/wp-content\/uploads\/2022\/03\/C467C2F6-1800-4E5F-90B8-7072270584E9-1024x683.jpeg\" alt=\"\" class=\"wp-image-1053\" width=\"455\" height=\"303\" srcset=\"http:\/\/www.utviksvagen.se\/wp-content\/uploads\/2022\/03\/C467C2F6-1800-4E5F-90B8-7072270584E9-1024x683.jpeg 1024w, http:\/\/www.utviksvagen.se\/wp-content\/uploads\/2022\/03\/C467C2F6-1800-4E5F-90B8-7072270584E9-300x200.jpeg 300w, http:\/\/www.utviksvagen.se\/wp-content\/uploads\/2022\/03\/C467C2F6-1800-4E5F-90B8-7072270584E9-768x512.jpeg 768w, http:\/\/www.utviksvagen.se\/wp-content\/uploads\/2022\/03\/C467C2F6-1800-4E5F-90B8-7072270584E9-1536x1024.jpeg 1536w, http:\/\/www.utviksvagen.se\/wp-content\/uploads\/2022\/03\/C467C2F6-1800-4E5F-90B8-7072270584E9-2048x1365.jpeg 2048w\" sizes=\"(max-width: 455px) 100vw, 455px\" \/><\/a><figcaption>Thilip Larsson<\/figcaption><\/figure>\n\n\n\n<p>F\u00f6reningen har gl\u00e4djen att erbjuda en f\u00f6rel\u00e4sning av Philip Larsson om vikten av tr\u00e4d i tr\u00e4dg\u00e5rdar och hur de b\u00e4st tas om hand och besk\u00e4rs.Philip Larsson \u00e4r tr\u00e4dg\u00e5rdsm\u00e4stare som efter studier p\u00e5 Wij tr\u00e4dg\u00e5rdar flyttade till Svartvik tillsammans med sambon Sara, \u00e4ven hon tr\u00e4dg\u00e5rdsm\u00e4stare.<\/p>\n\n\n\n<p><strong>Tid: Onsdag 16 mars kl. 18.30Lokal: F\u00f6reningslokalen<\/strong><\/p>\n\n\n\n<p><strong>V\u00e4lkomna!<\/strong><\/p>\n\n\n\n<p>PS! Vi planerar \u00e4ven f\u00f6r en plantbytardag l\u00f6rdagen14 maj kl. 10.00 &#8211; 12.00 i F\u00f6reningslokalen. Mer i information hittar du i Utvikarn.<\/p>\n","protected":false},"excerpt":{"rendered":"<p>F\u00f6reningen har gl\u00e4djen att erbjuda en f\u00f6rel\u00e4sning av Philip Larsson om vikten av tr\u00e4d i tr\u00e4dg\u00e5rdar och hur de b\u00e4st tas om hand och besk\u00e4rs.Philip Larsson \u00e4r tr\u00e4dg\u00e5rdsm\u00e4stare som efter studier p\u00e5 Wij tr\u00e4dg\u00e5rdar flyttade till Svartvik tillsammans med sambon Sara, \u00e4ven hon tr\u00e4dg\u00e5rdsm\u00e4stare. Tid: Onsdag 16 mars kl. 18.30Lokal: F\u00f6reningslokalen V\u00e4lkomna! PS! Vi planerar &hellip; <a href=\"http:\/\/www.utviksvagen.se\/?p=1052\" class=\"more-link\">Forts\u00e4tt l\u00e4sa <span class=\"screen-reader-text\">L\u00e4r dig mer om tr\u00e4dbesk\u00e4rning och odling.<\/span> <span class=\"meta-nav\">&rarr;<\/span><\/a><\/p>\n","protected":false},"author":1,"featured_media":0,"comment_status":"closed","ping_status":"closed","sticky":false,"template":"","format":"standard","meta":[],"categories":[1],"tags":[],"_links":{"self":[{"href":"http:\/\/www.utviksvagen.se\/index.php?rest_route=\/wp\/v2\/posts\/1052"}],"collection":[{"href":"http:\/\/www.utviksvagen.se\/index.php?rest_route=\/wp\/v2\/posts"}],"about":[{"href":"http:\/\/www.utviksvagen.se\/index.php?rest_route=\/wp\/v2\/types\/post"}],"author":[{"embeddable":true,"href":"http:\/\/www.utviksvagen.se\/index.php?rest_route=\/wp\/v2\/users\/1"}],"replies":[{"embeddable":true,"href":"http:\/\/www.utviksvagen.se\/index.php?rest_route=%2Fwp%2Fv2%2Fcomments&post=1052"}],"version-history":[{"count":2,"href":"http:\/\/www.utviksvagen.se\/index.php?rest_route=\/wp\/v2\/posts\/1052\/revisions"}],"predecessor-version":[{"id":1055,"href":"http:\/\/www.utviksvagen.se\/index.php?rest_route=\/wp\/v2\/posts\/1052\/revisions\/1055"}],"wp:attachment":[{"href":"http:\/\/www.utviksvagen.se\/index.php?rest_route=%2Fwp%2Fv2%2Fmedia&parent=1052"}],"wp:term":[{"taxonomy":"category","embeddable":true,"href":"http:\/\/www.utviksvagen.se\/index.php?rest_route=%2Fwp%2Fv2%2Fcategories&post=1052"},{"taxonomy":"post_tag","embeddable":true,"href":"http:\/\/www.utviksvagen.se\/index.php?rest_route=%2Fwp%2Fv2%2Ftags&post=1052"}],"curies":[{"name":"wp","href":"https:\/\/api.w.org\/{rel}","templated":true}]}}